{"id":121113,"date":"2023-11-03T09:07:26","date_gmt":"2023-11-03T08:07:26","guid":{"rendered":"https:\/\/www.duboeuf.com\/?p=121113"},"modified":"2023-11-03T09:07:27","modified_gmt":"2023-11-03T08:07:27","slug":"prets-pour-la-boum-de-noel","status":"publish","type":"post","link":"https:\/\/www.duboeuf.com\/en\/prets-pour-la-boum-de-noel\/","title":{"rendered":"Pr\u00eats pour la Boum de No\u00ebl ?"},"content":{"rendered":"\n<p><strong>Samedi 16 d\u00e9cembre 2023 \u00e0 partir de 14h30<\/strong><\/p>\n\n\n\n<p>Enfilez votre plus <strong>beau d\u00e9guisement<\/strong> et rejoignez-nous au Hameau Dub\u0153uf pour la <strong>boum costum\u00e9e<\/strong> annuelle !<\/p>\n\n\n\n<p>Au programme de cet apr\u00e8s-midi enchant\u00e9 :<\/p>\n\n\n\n<ul class=\"wp-block-list\">\n<li>Faites-vous pouponner par nos <strong>maquilleuses professionnelles<\/strong>,<\/li>\n\n\n\n<li>Dansez avec les <strong>nouvelles mascottes<\/strong> du Hameau,<\/li>\n\n\n\n<li>D\u00e9gustez les friandises du <strong>buffet<\/strong> de No\u00ebl,<\/li>\n\n\n\n<li>Et cerise sur le g\u00e2teau, rencontrez le<strong> P\u00e8re No\u00ebl<\/strong> !<\/li>\n<\/ul>\n\n\n\n<p><\/p>\n\n\n\n<p>D\u00e9butez votre journ\u00e9e en visitant le Hameau du Vin, une <strong>animation surprise<\/strong> vous attend dans les chais!<\/p>\n\n\n\n<p><\/p>\n\n\n\n<p>Billet &#8220;Boum de No\u00ebl&#8221; : <strong>24,00\u20ac par participant<\/strong> \u00e0 partir de 3 ans*<\/p>\n\n\n\n<p>Les enfants doivent \u00eatre accompagn\u00e9s d&#8217;un adulte.<\/p>\n\n\n\n<p><\/p>\n\n\n\n<p><strong>R\u00e9servation obligatoire<\/strong> au guichet ou sur notre site internet <a href=\"https:\/\/billetterie.duboeuf.com\/\">https:\/\/billetterie.duboeuf.com\/<\/a><\/p>\n\n\n\n<p><\/p>\n\n\n\n<p><em>*le billet d&#8217;entr\u00e9e &#8220;Boum de No\u00ebl&#8221; donne \u00e9galement acc\u00e8s \u00e0 la visite du <a href=\"https:\/\/www.duboeuf.com\/fr\/le-parc\/\">Hameau du Vin<\/a> les 16 et 17 d\u00e9cembre 2023.<\/em><\/p>\n","protected":false},"excerpt":{"rendered":"<p>Samedi 16 d\u00e9cembre 2023 \u00e0 partir de 14h30 Enfilez votre plus beau d\u00e9guisement et rejoignez-nous au Hameau Dub\u0153uf pour la boum costum\u00e9e annuelle ! Au programme de cet apr\u00e8s-midi enchant\u00e9 : D\u00e9butez votre journ\u00e9e en visitant le Hameau du Vin, une animation surprise vous attend dans les chais! Billet &#8220;Boum de No\u00ebl&#8221; : 24,00\u20ac par [&hellip;]<\/p>\n","protected":false},"author":3951,"featured_media":121115,"comment_status":"closed","ping_status":"closed","sticky":false,"template":"","format":"standard","meta":{"_acf_changed":false,"footnotes":""},"categories":[146,64],"tags":[],"class_list":["post-121113","post","type-post","status-publish","format-standard","has-post-thumbnail","hentry","category-actualite","category-oenoparc"],"acf":[],"_links":{"self":[{"href":"https:\/\/www.duboeuf.com\/en\/wp-json\/wp\/v2\/posts\/121113","targetHints":{"allow":["GET"]}}],"collection":[{"href":"https:\/\/www.duboeuf.com\/en\/wp-json\/wp\/v2\/posts"}],"about":[{"href":"https:\/\/www.duboeuf.com\/en\/wp-json\/wp\/v2\/types\/post"}],"author":[{"embeddable":true,"href":"https:\/\/www.duboeuf.com\/en\/wp-json\/wp\/v2\/users\/3951"}],"replies":[{"embeddable":true,"href":"https:\/\/www.duboeuf.com\/en\/wp-json\/wp\/v2\/comments?post=121113"}],"version-history":[{"count":0,"href":"https:\/\/www.duboeuf.com\/en\/wp-json\/wp\/v2\/posts\/121113\/revisions"}],"wp:featuredmedia":[{"embeddable":true,"href":"https:\/\/www.duboeuf.com\/en\/wp-json\/wp\/v2\/media\/121115"}],"wp:attachment":[{"href":"https:\/\/www.duboeuf.com\/en\/wp-json\/wp\/v2\/media?parent=121113"}],"wp:term":[{"taxonomy":"category","embeddable":true,"href":"https:\/\/www.duboeuf.com\/en\/wp-json\/wp\/v2\/categories?post=121113"},{"taxonomy":"post_tag","embeddable":true,"href":"https:\/\/www.duboeuf.com\/en\/wp-json\/wp\/v2\/tags?post=121113"}],"curies":[{"name":"wp","href":"https:\/\/api.w.org\/{rel}","templated":true}]}}