{"id":121145,"date":"2023-11-03T15:51:09","date_gmt":"2023-11-03T14:51:09","guid":{"rendered":"https:\/\/www.duboeuf.com\/?p=121145"},"modified":"2023-12-29T09:55:25","modified_gmt":"2023-12-29T08:55:25","slug":"le-hameau-enchante-est-de-retour","status":"publish","type":"post","link":"https:\/\/www.duboeuf.com\/en\/le-hameau-enchante-est-de-retour\/","title":{"rendered":"Le &#8221;Hameau Enchant\u00e9&#8221; est de retour !"},"content":{"rendered":"\n<p>Le &#8221;<strong>Hameau Enchant\u00e9<\/strong>&#8221; est de retour avec de<strong> nouvelles surprises<\/strong> !<\/p>\n\n\n\n<div style=\"height:14px\" aria-hidden=\"true\" class=\"wp-block-spacer\"><\/div>\n\n\n\n<p>Les rennes Rudolph, Tornade et Com\u00e8te sont pr\u00eats \u00e0 vous accueillir en chanson au Hameau Dub\u0153uf dans un tout <strong>nouveau d\u00e9cor<\/strong> !<\/p>\n\n\n\n<p>Paulo le bonhomme de neige vous attend d\u00e9j\u00e0 en salle de d\u00e9gustation pour vous interpr\u00e9ter ses <strong>chants de No\u00ebl<\/strong> pr\u00e9f\u00e9r\u00e9s.<\/p>\n\n\n\n<p>L&#8217;<strong>ours gourmand Th\u00e9odore<\/strong> a h\u00e2te de vous rencontrer et de vous <strong>raconter son \u00e9pop\u00e9e<\/strong> \u00e0 travers le &#8221;Hameau Enchant\u00e9&#8221; pour d\u00e9couvrir l&#8217;origine de l&#8217;odeur all\u00e9chante qui l&#8217;a tir\u00e9 de son sommeil.<\/p>\n\n\n\n<p>Profitez de votre venue pour <strong>d\u00e9jeuner<\/strong> ou <strong>go\u00fbter<\/strong> dans le d\u00e9cor f\u00e9erique du <strong><a href=\"https:\/\/www.duboeuf.com\/fr\/le-parc\/hameau-a-la-carte\/\">Caf\u00e9 des Deux Horloges<\/a><\/strong> et trouvez des<strong> id\u00e9es cadeaux<\/strong> pour vos proches dans notre <strong><a href=\"https:\/\/www.duboeuf.com\/fr\/le-parc\/hameau-a-la-carte\/\">boutique<\/a><\/strong> !<\/p>\n\n\n\n<div style=\"height:43px\" aria-hidden=\"true\" class=\"wp-block-spacer\"><\/div>\n\n\n\n<p>Acc\u00e8s libre et gratuit aux d\u00e9cors de No\u00ebl.*<\/p>\n\n\n\n<p>Ouverture du mercredi au dimanche inclus de 10h00 \u00e0 18h00.<\/p>\n\n\n\n<div style=\"height:43px\" aria-hidden=\"true\" class=\"wp-block-spacer\"><\/div>\n\n\n\n<p><strong>R\u00e9servez votre s\u00e9jour<\/strong> en ligne sur <a href=\"https:\/\/billetterie.duboeuf.com\/\">https:\/\/billetterie.duboeuf.com\/<\/a><\/p>\n\n\n\n<div style=\"height:43px\" aria-hidden=\"true\" class=\"wp-block-spacer\"><\/div>\n","protected":false},"excerpt":{"rendered":"<p>Le &#8221;Hameau Enchant\u00e9&#8221; est de retour avec de nouvelles surprises ! Les rennes Rudolph, Tornade et Com\u00e8te sont pr\u00eats \u00e0 vous accueillir en chanson au Hameau Dub\u0153uf dans un tout nouveau d\u00e9cor ! Paulo le bonhomme de neige vous attend d\u00e9j\u00e0 en salle de d\u00e9gustation pour vous interpr\u00e9ter ses chants de No\u00ebl pr\u00e9f\u00e9r\u00e9s. L&#8217;ours gourmand [&hellip;]<\/p>\n","protected":false},"author":3951,"featured_media":121143,"comment_status":"closed","ping_status":"closed","sticky":false,"template":"","format":"standard","meta":{"_acf_changed":false,"footnotes":""},"categories":[146,64],"tags":[],"class_list":["post-121145","post","type-post","status-publish","format-standard","has-post-thumbnail","hentry","category-actualite","category-oenoparc"],"acf":[],"_links":{"self":[{"href":"https:\/\/www.duboeuf.com\/en\/wp-json\/wp\/v2\/posts\/121145","targetHints":{"allow":["GET"]}}],"collection":[{"href":"https:\/\/www.duboeuf.com\/en\/wp-json\/wp\/v2\/posts"}],"about":[{"href":"https:\/\/www.duboeuf.com\/en\/wp-json\/wp\/v2\/types\/post"}],"author":[{"embeddable":true,"href":"https:\/\/www.duboeuf.com\/en\/wp-json\/wp\/v2\/users\/3951"}],"replies":[{"embeddable":true,"href":"https:\/\/www.duboeuf.com\/en\/wp-json\/wp\/v2\/comments?post=121145"}],"version-history":[{"count":0,"href":"https:\/\/www.duboeuf.com\/en\/wp-json\/wp\/v2\/posts\/121145\/revisions"}],"wp:featuredmedia":[{"embeddable":true,"href":"https:\/\/www.duboeuf.com\/en\/wp-json\/wp\/v2\/media\/121143"}],"wp:attachment":[{"href":"https:\/\/www.duboeuf.com\/en\/wp-json\/wp\/v2\/media?parent=121145"}],"wp:term":[{"taxonomy":"category","embeddable":true,"href":"https:\/\/www.duboeuf.com\/en\/wp-json\/wp\/v2\/categories?post=121145"},{"taxonomy":"post_tag","embeddable":true,"href":"https:\/\/www.duboeuf.com\/en\/wp-json\/wp\/v2\/tags?post=121145"}],"curies":[{"name":"wp","href":"https:\/\/api.w.org\/{rel}","templated":true}]}}