{"id":124680,"date":"2025-10-17T16:49:37","date_gmt":"2025-10-17T14:49:37","guid":{"rendered":"https:\/\/www.duboeuf.com\/?p=124680"},"modified":"2025-10-17T16:49:38","modified_gmt":"2025-10-17T14:49:38","slug":"offre-speciale-vacances-de-la-toussaint","status":"publish","type":"post","link":"https:\/\/www.duboeuf.com\/en\/offre-speciale-vacances-de-la-toussaint\/","title":{"rendered":"Offre sp\u00e9ciale Vacances de la Toussaint !"},"content":{"rendered":"\n<p>Offre Sp\u00e9ciale Vacances de la Toussaint<\/p>\n\n\n\n<p>Pendant les vacances de la Toussaint, l\u2019entr\u00e9e au Hameau Dub\u0153uf est gratuite pour les enfants de moins de 15 ans&nbsp;!<\/p>\n\n\n\n<p>Profitez de ces deux semaines pour venir d\u00e9couvrir ou red\u00e9couvrir le parcours de visite du Hameau Dub\u0153uf avec une collection de plus de 3&nbsp;000 objets et des animations con\u00e7ues pour toute la famille. Sans oublier la d\u00e9gustation de 2 vins ou de jus de raisin au son du limonaire qui vous attend \u00e0 la fin de la visite.<\/p>\n\n\n\n<p>Offre valable du mercredi 22 octobre au dimanche 02 novembre inclus.<\/p>\n\n\n\n<p>Offre disponible \u00e0 l\u2019accueil du Hameau Dub\u0153uf uniquement.<\/p>\n\n\n\n<p>Information et r\u00e9servation <a href=\"https:\/\/www.duboeuf.com\/fr\/le-parc\/hameau-a-la-carte\/?v=82a9e4d26595\">ici<\/a> !<\/p>\n","protected":false},"excerpt":{"rendered":"<p>Offre Sp\u00e9ciale Vacances de la Toussaint Pendant les vacances de la Toussaint, l\u2019entr\u00e9e au Hameau Dub\u0153uf est gratuite pour les enfants de moins de 15 ans&nbsp;! Profitez de ces deux semaines pour venir d\u00e9couvrir ou red\u00e9couvrir le parcours de visite du Hameau Dub\u0153uf avec une collection de plus de 3&nbsp;000 objets et des animations con\u00e7ues [&hellip;]<\/p>\n","protected":false},"author":3951,"featured_media":124681,"comment_status":"closed","ping_status":"closed","sticky":false,"template":"","format":"standard","meta":{"_acf_changed":false,"footnotes":""},"categories":[146,1,64],"tags":[],"class_list":["post-124680","post","type-post","status-publish","format-standard","has-post-thumbnail","hentry","category-actualite","category-divers","category-oenoparc"],"acf":[],"_links":{"self":[{"href":"https:\/\/www.duboeuf.com\/en\/wp-json\/wp\/v2\/posts\/124680","targetHints":{"allow":["GET"]}}],"collection":[{"href":"https:\/\/www.duboeuf.com\/en\/wp-json\/wp\/v2\/posts"}],"about":[{"href":"https:\/\/www.duboeuf.com\/en\/wp-json\/wp\/v2\/types\/post"}],"author":[{"embeddable":true,"href":"https:\/\/www.duboeuf.com\/en\/wp-json\/wp\/v2\/users\/3951"}],"replies":[{"embeddable":true,"href":"https:\/\/www.duboeuf.com\/en\/wp-json\/wp\/v2\/comments?post=124680"}],"version-history":[{"count":0,"href":"https:\/\/www.duboeuf.com\/en\/wp-json\/wp\/v2\/posts\/124680\/revisions"}],"wp:featuredmedia":[{"embeddable":true,"href":"https:\/\/www.duboeuf.com\/en\/wp-json\/wp\/v2\/media\/124681"}],"wp:attachment":[{"href":"https:\/\/www.duboeuf.com\/en\/wp-json\/wp\/v2\/media?parent=124680"}],"wp:term":[{"taxonomy":"category","embeddable":true,"href":"https:\/\/www.duboeuf.com\/en\/wp-json\/wp\/v2\/categories?post=124680"},{"taxonomy":"post_tag","embeddable":true,"href":"https:\/\/www.duboeuf.com\/en\/wp-json\/wp\/v2\/tags?post=124680"}],"curies":[{"name":"wp","href":"https:\/\/api.w.org\/{rel}","templated":true}]}}