{"id":1220,"date":"2022-05-05T14:57:26","date_gmt":"2022-05-05T12:57:26","guid":{"rendered":"https:\/\/www.duboeuf.com\/?p=1220"},"modified":"2022-05-05T14:57:27","modified_gmt":"2022-05-05T12:57:27","slug":"affiche-1990-jean-couty","status":"publish","type":"post","link":"https:\/\/www.duboeuf.com\/fr\/affiche-1990-jean-couty\/","title":{"rendered":"Affiche 1990 : Jean COUTY"},"content":{"rendered":"\n<p>Jean Couty, n\u00e9 le\u00a012\u00a0mars\u00a01907\u00a0\u00e0\u00a0Saint-Rambert-l&rsquo;\u00cele-Barbe\u00a0et mort le\u00a014\u00a0mai\u00a01991\u00a0dans le\u00a01er arrondissement de Lyon, \u00e9tait un\u00a0peintre. Ses parents \u00e9taient originaires de la\u00a0Creuse. Ses anc\u00eatres \u00e9taient paysans et ma\u00e7ons. C&rsquo;est en vacances dans la Creuse qu&rsquo;il dessine et peint ses premi\u00e8res compositions. En\u00a01928, il r\u00e9alise ses premiers dessins d&rsquo;\u00e9glises romanes. Il allait \u00e9galement souvent dessiner \u00e0 la gare d&rsquo;eau de\u00a0Vaise.<\/p>\n","protected":false},"excerpt":{"rendered":"<p>Jean Couty, n\u00e9 le\u00a012\u00a0mars\u00a01907\u00a0\u00e0\u00a0Saint-Rambert-l&rsquo;\u00cele-Barbe\u00a0et mort le\u00a014\u00a0mai\u00a01991\u00a0dans le\u00a01er arrondissement de Lyon, \u00e9tait un\u00a0peintre. Ses parents \u00e9taient originaires de la\u00a0Creuse. Ses anc\u00eatres \u00e9taient paysans et ma\u00e7ons. C&rsquo;est en vacances dans la Creuse qu&rsquo;il dessine et peint ses premi\u00e8res compositions. En\u00a01928, il r\u00e9alise ses premiers dessins d&rsquo;\u00e9glises romanes. Il allait \u00e9galement souvent dessiner \u00e0 la gare d&rsquo;eau de\u00a0Vaise.<\/p>\n","protected":false},"author":3,"featured_media":919,"comment_status":"closed","ping_status":"closed","sticky":false,"template":"","format":"standard","meta":{"_acf_changed":false,"footnotes":""},"categories":[65],"tags":[],"class_list":["post-1220","post","type-post","status-publish","format-standard","has-post-thumbnail","hentry","category-affiches-beaujolais-nouveau"],"acf":[],"_links":{"self":[{"href":"https:\/\/www.duboeuf.com\/fr\/wp-json\/wp\/v2\/posts\/1220","targetHints":{"allow":["GET"]}}],"collection":[{"href":"https:\/\/www.duboeuf.com\/fr\/wp-json\/wp\/v2\/posts"}],"about":[{"href":"https:\/\/www.duboeuf.com\/fr\/wp-json\/wp\/v2\/types\/post"}],"author":[{"embeddable":true,"href":"https:\/\/www.duboeuf.com\/fr\/wp-json\/wp\/v2\/users\/3"}],"replies":[{"embeddable":true,"href":"https:\/\/www.duboeuf.com\/fr\/wp-json\/wp\/v2\/comments?post=1220"}],"version-history":[{"count":0,"href":"https:\/\/www.duboeuf.com\/fr\/wp-json\/wp\/v2\/posts\/1220\/revisions"}],"wp:featuredmedia":[{"embeddable":true,"href":"https:\/\/www.duboeuf.com\/fr\/wp-json\/wp\/v2\/media\/919"}],"wp:attachment":[{"href":"https:\/\/www.duboeuf.com\/fr\/wp-json\/wp\/v2\/media?parent=1220"}],"wp:term":[{"taxonomy":"category","embeddable":true,"href":"https:\/\/www.duboeuf.com\/fr\/wp-json\/wp\/v2\/categories?post=1220"},{"taxonomy":"post_tag","embeddable":true,"href":"https:\/\/www.duboeuf.com\/fr\/wp-json\/wp\/v2\/tags?post=1220"}],"curies":[{"name":"wp","href":"https:\/\/api.w.org\/{rel}","templated":true}]}}