{"id":1221,"date":"2022-05-05T14:58:34","date_gmt":"2022-05-05T12:58:34","guid":{"rendered":"https:\/\/www.duboeuf.com\/?p=1221"},"modified":"2022-05-05T14:58:35","modified_gmt":"2022-05-05T12:58:35","slug":"affiche-1991-louis-briat","status":"publish","type":"post","link":"https:\/\/www.duboeuf.com\/fr\/affiche-1991-louis-briat\/","title":{"rendered":"Affiche 1991 : Louis BRIAT"},"content":{"rendered":"\n<p>Louis Briat\u00a0\u00e9tait un illustrateur\u00a0fran\u00e7ais, n\u00e9 le\u00a024\u00a0juin\u00a01938\u00a0\u00e0\u00a0Saint-\u00c9tienne\u00a0et mort le\u00a018\u00a0f\u00e9vrier\u00a02021. Depuis 1989, il \u00e9tait \u00e9galement l&rsquo;auteur de plusieurs\u00a0timbres-poste. Il avait suivi des \u00e9tudes de beaux-arts, d&rsquo;abord de\u00a0gravure, avant de se consacrer \u00e0 la communication. Apr\u00e8s son Dipl\u00f4me national des Beaux-Arts (DNBA) en 1959, il \u00e9tait entr\u00e9 \u00e0 l&rsquo;\u00c9cole nationale sup\u00e9rieure des beaux-arts\u00a0de\u00a0Paris.<\/p>\n","protected":false},"excerpt":{"rendered":"<p>Louis Briat\u00a0\u00e9tait un illustrateur\u00a0fran\u00e7ais, n\u00e9 le\u00a024\u00a0juin\u00a01938\u00a0\u00e0\u00a0Saint-\u00c9tienne\u00a0et mort le\u00a018\u00a0f\u00e9vrier\u00a02021. Depuis 1989, il \u00e9tait \u00e9galement l&rsquo;auteur de plusieurs\u00a0timbres-poste. Il avait suivi des \u00e9tudes de beaux-arts, d&rsquo;abord de\u00a0gravure, avant de se consacrer \u00e0 la communication. Apr\u00e8s son Dipl\u00f4me national des Beaux-Arts (DNBA) en 1959, il \u00e9tait entr\u00e9 \u00e0 l&rsquo;\u00c9cole nationale sup\u00e9rieure des beaux-arts\u00a0de\u00a0Paris.<\/p>\n","protected":false},"author":3,"featured_media":921,"comment_status":"closed","ping_status":"closed","sticky":false,"template":"","format":"standard","meta":{"_acf_changed":false,"footnotes":""},"categories":[65],"tags":[],"class_list":["post-1221","post","type-post","status-publish","format-standard","has-post-thumbnail","hentry","category-affiches-beaujolais-nouveau"],"acf":[],"_links":{"self":[{"href":"https:\/\/www.duboeuf.com\/fr\/wp-json\/wp\/v2\/posts\/1221","targetHints":{"allow":["GET"]}}],"collection":[{"href":"https:\/\/www.duboeuf.com\/fr\/wp-json\/wp\/v2\/posts"}],"about":[{"href":"https:\/\/www.duboeuf.com\/fr\/wp-json\/wp\/v2\/types\/post"}],"author":[{"embeddable":true,"href":"https:\/\/www.duboeuf.com\/fr\/wp-json\/wp\/v2\/users\/3"}],"replies":[{"embeddable":true,"href":"https:\/\/www.duboeuf.com\/fr\/wp-json\/wp\/v2\/comments?post=1221"}],"version-history":[{"count":0,"href":"https:\/\/www.duboeuf.com\/fr\/wp-json\/wp\/v2\/posts\/1221\/revisions"}],"wp:featuredmedia":[{"embeddable":true,"href":"https:\/\/www.duboeuf.com\/fr\/wp-json\/wp\/v2\/media\/921"}],"wp:attachment":[{"href":"https:\/\/www.duboeuf.com\/fr\/wp-json\/wp\/v2\/media?parent=1221"}],"wp:term":[{"taxonomy":"category","embeddable":true,"href":"https:\/\/www.duboeuf.com\/fr\/wp-json\/wp\/v2\/categories?post=1221"},{"taxonomy":"post_tag","embeddable":true,"href":"https:\/\/www.duboeuf.com\/fr\/wp-json\/wp\/v2\/tags?post=1221"}],"curies":[{"name":"wp","href":"https:\/\/api.w.org\/{rel}","templated":true}]}}