{"id":1222,"date":"2022-05-05T15:00:20","date_gmt":"2022-05-05T13:00:20","guid":{"rendered":"https:\/\/www.duboeuf.com\/?p=1222"},"modified":"2022-05-05T15:00:21","modified_gmt":"2022-05-05T13:00:21","slug":"affiche-1992-yves-paoli","status":"publish","type":"post","link":"https:\/\/www.duboeuf.com\/fr\/affiche-1992-yves-paoli\/","title":{"rendered":"Affiche 1992 : Yves PAOLI"},"content":{"rendered":"\n<p>N\u00e9 en 1937 dans une famille d&rsquo;ouvriers, Yves Paoli a d&rsquo;abord \u00e9tudi\u00e9 la botterie-cordonnerie dans une \u00e9cole professionnelle avant d&rsquo;\u00eatre admis, \u00e0 l&rsquo;\u00e2ge de 16 ans, \u00e0 l&rsquo;\u00e9cole des Beaux-Arts de sa ville natale, Saint-\u00c9tienne. Plus de 60 ans qu&rsquo;Yves Paoli peint. Qu&rsquo;il expose dans les galeries nationales et internationales.<\/p>\n","protected":false},"excerpt":{"rendered":"<p>N\u00e9 en 1937 dans une famille d&rsquo;ouvriers, Yves Paoli a d&rsquo;abord \u00e9tudi\u00e9 la botterie-cordonnerie dans une \u00e9cole professionnelle avant d&rsquo;\u00eatre admis, \u00e0 l&rsquo;\u00e2ge de 16 ans, \u00e0 l&rsquo;\u00e9cole des Beaux-Arts de sa ville natale, Saint-\u00c9tienne. Plus de 60 ans qu&rsquo;Yves Paoli peint. Qu&rsquo;il expose dans les galeries nationales et internationales.<\/p>\n","protected":false},"author":3,"featured_media":923,"comment_status":"closed","ping_status":"closed","sticky":false,"template":"","format":"standard","meta":{"_acf_changed":false,"footnotes":""},"categories":[65],"tags":[],"class_list":["post-1222","post","type-post","status-publish","format-standard","has-post-thumbnail","hentry","category-affiches-beaujolais-nouveau"],"acf":[],"_links":{"self":[{"href":"https:\/\/www.duboeuf.com\/fr\/wp-json\/wp\/v2\/posts\/1222","targetHints":{"allow":["GET"]}}],"collection":[{"href":"https:\/\/www.duboeuf.com\/fr\/wp-json\/wp\/v2\/posts"}],"about":[{"href":"https:\/\/www.duboeuf.com\/fr\/wp-json\/wp\/v2\/types\/post"}],"author":[{"embeddable":true,"href":"https:\/\/www.duboeuf.com\/fr\/wp-json\/wp\/v2\/users\/3"}],"replies":[{"embeddable":true,"href":"https:\/\/www.duboeuf.com\/fr\/wp-json\/wp\/v2\/comments?post=1222"}],"version-history":[{"count":0,"href":"https:\/\/www.duboeuf.com\/fr\/wp-json\/wp\/v2\/posts\/1222\/revisions"}],"wp:featuredmedia":[{"embeddable":true,"href":"https:\/\/www.duboeuf.com\/fr\/wp-json\/wp\/v2\/media\/923"}],"wp:attachment":[{"href":"https:\/\/www.duboeuf.com\/fr\/wp-json\/wp\/v2\/media?parent=1222"}],"wp:term":[{"taxonomy":"category","embeddable":true,"href":"https:\/\/www.duboeuf.com\/fr\/wp-json\/wp\/v2\/categories?post=1222"},{"taxonomy":"post_tag","embeddable":true,"href":"https:\/\/www.duboeuf.com\/fr\/wp-json\/wp\/v2\/tags?post=1222"}],"curies":[{"name":"wp","href":"https:\/\/api.w.org\/{rel}","templated":true}]}}