{"id":1230,"date":"2022-05-05T15:03:30","date_gmt":"2022-05-05T13:03:30","guid":{"rendered":"https:\/\/www.duboeuf.com\/?p=1230"},"modified":"2022-05-05T15:03:31","modified_gmt":"2022-05-05T13:03:31","slug":"affiche-1994-lennart-jirlow","status":"publish","type":"post","link":"https:\/\/www.duboeuf.com\/fr\/affiche-1994-lennart-jirlow\/","title":{"rendered":"Affiche 1994 : Lennart JIRLOW"},"content":{"rendered":"\n<p>Lennart Martin Jirlow\u00a0n\u00e9 le 24 avril 1936 et mort le 18 avril 2020 \u00e9tait un peintre et sc\u00e9nographe su\u00e9dois. Il fit ses\u00a0\u00e9tudes \u00e0 Konstfack\u00a0et \u00e0 l\u2019acad\u00e9mie des arts de\u00a0Florence. Sa premi\u00e8re exposition a eu lieu \u00e0 Stockholm en 1958, et apr\u00e8s cela, il a pass\u00e9 la plupart de son temps en\u00a0France. La plupart de ses motifs sont inspir\u00e9s par des \u00e9v\u00e9nements quotidiens dans le sud de la France et \u00e0 Paris, et le th\u00e9\u00e2tre \u00e9tait \u00e9galement un sujet populaire dans son travail.<\/p>\n","protected":false},"excerpt":{"rendered":"<p>Lennart Martin Jirlow\u00a0n\u00e9 le 24 avril 1936 et mort le 18 avril 2020 \u00e9tait un peintre et sc\u00e9nographe su\u00e9dois. Il fit ses\u00a0\u00e9tudes \u00e0 Konstfack\u00a0et \u00e0 l\u2019acad\u00e9mie des arts de\u00a0Florence. Sa premi\u00e8re exposition a eu lieu \u00e0 Stockholm en 1958, et apr\u00e8s cela, il a pass\u00e9 la plupart de son temps en\u00a0France. La plupart de ses [&hellip;]<\/p>\n","protected":false},"author":3,"featured_media":927,"comment_status":"closed","ping_status":"closed","sticky":false,"template":"","format":"standard","meta":{"_acf_changed":false,"footnotes":""},"categories":[65],"tags":[],"class_list":["post-1230","post","type-post","status-publish","format-standard","has-post-thumbnail","hentry","category-affiches-beaujolais-nouveau"],"acf":[],"_links":{"self":[{"href":"https:\/\/www.duboeuf.com\/fr\/wp-json\/wp\/v2\/posts\/1230","targetHints":{"allow":["GET"]}}],"collection":[{"href":"https:\/\/www.duboeuf.com\/fr\/wp-json\/wp\/v2\/posts"}],"about":[{"href":"https:\/\/www.duboeuf.com\/fr\/wp-json\/wp\/v2\/types\/post"}],"author":[{"embeddable":true,"href":"https:\/\/www.duboeuf.com\/fr\/wp-json\/wp\/v2\/users\/3"}],"replies":[{"embeddable":true,"href":"https:\/\/www.duboeuf.com\/fr\/wp-json\/wp\/v2\/comments?post=1230"}],"version-history":[{"count":0,"href":"https:\/\/www.duboeuf.com\/fr\/wp-json\/wp\/v2\/posts\/1230\/revisions"}],"wp:featuredmedia":[{"embeddable":true,"href":"https:\/\/www.duboeuf.com\/fr\/wp-json\/wp\/v2\/media\/927"}],"wp:attachment":[{"href":"https:\/\/www.duboeuf.com\/fr\/wp-json\/wp\/v2\/media?parent=1230"}],"wp:term":[{"taxonomy":"category","embeddable":true,"href":"https:\/\/www.duboeuf.com\/fr\/wp-json\/wp\/v2\/categories?post=1230"},{"taxonomy":"post_tag","embeddable":true,"href":"https:\/\/www.duboeuf.com\/fr\/wp-json\/wp\/v2\/tags?post=1230"}],"curies":[{"name":"wp","href":"https:\/\/api.w.org\/{rel}","templated":true}]}}