{"id":123444,"date":"2024-11-29T11:15:28","date_gmt":"2024-11-29T10:15:28","guid":{"rendered":"https:\/\/www.duboeuf.com\/?p=123444"},"modified":"2024-11-29T11:15:29","modified_gmt":"2024-11-29T10:15:29","slug":"la-boum-costumee-de-noel","status":"publish","type":"post","link":"https:\/\/www.duboeuf.com\/fr\/la-boum-costumee-de-noel\/","title":{"rendered":"La Boum Costum\u00e9e de No\u00ebl !"},"content":{"rendered":"\n<p>Venez vous amuser en famille \u00e0 la boum costum\u00e9e de No\u00ebl le<strong> samedi 21 d\u00e9cembre \u00e0 partir de 14h30<\/strong>.<\/p>\n\n\n\n<p>Dress-code : <strong>d\u00e9guisement<\/strong> pour les enfants et <strong>pull de No\u00ebl<\/strong> pour les parents !<\/p>\n\n\n\n<p>Ambiance DJ assur\u00e9e et buffet sucr\u00e9\/sal\u00e9 \u00e0 volont\u00e9.<\/p>\n\n\n\n<p class=\"has-vivid-red-color has-text-color has-link-color wp-elements-7be849a905b14fd8fab032bfce1de4e3\"><strong>R\u00e9servez d\u00e8s maintenant vos places <a href=\"https:\/\/billetterie.duboeuf.com\/bin\/index.php\">ici<\/a>.<\/strong><\/p>\n","protected":false},"excerpt":{"rendered":"<p>Venez vous amuser en famille \u00e0 la boum costum\u00e9e de No\u00ebl le samedi 21 d\u00e9cembre \u00e0 partir de 14h30. Dress-code : d\u00e9guisement pour les enfants et pull de No\u00ebl pour les parents ! Ambiance DJ assur\u00e9e et buffet sucr\u00e9\/sal\u00e9 \u00e0 volont\u00e9. R\u00e9servez d\u00e8s maintenant vos places ici.<\/p>\n","protected":false},"author":3951,"featured_media":121115,"comment_status":"closed","ping_status":"closed","sticky":false,"template":"","format":"standard","meta":{"_acf_changed":false,"footnotes":""},"categories":[146,64],"tags":[],"class_list":["post-123444","post","type-post","status-publish","format-standard","has-post-thumbnail","hentry","category-actualite","category-oenoparc"],"acf":[],"_links":{"self":[{"href":"https:\/\/www.duboeuf.com\/fr\/wp-json\/wp\/v2\/posts\/123444","targetHints":{"allow":["GET"]}}],"collection":[{"href":"https:\/\/www.duboeuf.com\/fr\/wp-json\/wp\/v2\/posts"}],"about":[{"href":"https:\/\/www.duboeuf.com\/fr\/wp-json\/wp\/v2\/types\/post"}],"author":[{"embeddable":true,"href":"https:\/\/www.duboeuf.com\/fr\/wp-json\/wp\/v2\/users\/3951"}],"replies":[{"embeddable":true,"href":"https:\/\/www.duboeuf.com\/fr\/wp-json\/wp\/v2\/comments?post=123444"}],"version-history":[{"count":0,"href":"https:\/\/www.duboeuf.com\/fr\/wp-json\/wp\/v2\/posts\/123444\/revisions"}],"wp:featuredmedia":[{"embeddable":true,"href":"https:\/\/www.duboeuf.com\/fr\/wp-json\/wp\/v2\/media\/121115"}],"wp:attachment":[{"href":"https:\/\/www.duboeuf.com\/fr\/wp-json\/wp\/v2\/media?parent=123444"}],"wp:term":[{"taxonomy":"category","embeddable":true,"href":"https:\/\/www.duboeuf.com\/fr\/wp-json\/wp\/v2\/categories?post=123444"},{"taxonomy":"post_tag","embeddable":true,"href":"https:\/\/www.duboeuf.com\/fr\/wp-json\/wp\/v2\/tags?post=123444"}],"curies":[{"name":"wp","href":"https:\/\/api.w.org\/{rel}","templated":true}]}}