{"id":1239,"date":"2022-05-05T15:09:27","date_gmt":"2022-05-05T13:09:27","guid":{"rendered":"https:\/\/www.duboeuf.com\/?p=1239"},"modified":"2022-05-05T15:09:28","modified_gmt":"2022-05-05T13:09:28","slug":"affiche-1999-jean-michel-alberola","status":"publish","type":"post","link":"https:\/\/www.duboeuf.com\/fr\/affiche-1999-jean-michel-alberola\/","title":{"rendered":"Affiche 1999 : Jean Michel ALBEROLA"},"content":{"rendered":"\n<p>N\u00e9 en\u00a01953\u00a0\u00e0\u00a0Sa\u00efda\u00a0(Alg\u00e9rie), c\u2019est un\u00a0peintre,\u00a0graveur,\u00a0sculpteur\u00a0et\u00a0photographe\u00a0fran\u00e7ais. Rattach\u00e9 au mouvement de la\u00a0figuration libre\u00a0durant les ann\u00e9es 1980, il vit et travaille \u00e0\u00a0Paris. L&rsquo;\u0153uvre de Jean Michel Alberola est prot\u00e9iforme et interdisciplinaire. \u00c0 la fois peintre, sculpteur et cin\u00e9aste, il cherche \u00e0 associer la peinture \u00e0 l&rsquo;\u00e9criture et \u00e0 la parole.<\/p>\n","protected":false},"excerpt":{"rendered":"<p>N\u00e9 en\u00a01953\u00a0\u00e0\u00a0Sa\u00efda\u00a0(Alg\u00e9rie), c\u2019est un\u00a0peintre,\u00a0graveur,\u00a0sculpteur\u00a0et\u00a0photographe\u00a0fran\u00e7ais. Rattach\u00e9 au mouvement de la\u00a0figuration libre\u00a0durant les ann\u00e9es 1980, il vit et travaille \u00e0\u00a0Paris. L&rsquo;\u0153uvre de Jean Michel Alberola est prot\u00e9iforme et interdisciplinaire. \u00c0 la fois peintre, sculpteur et cin\u00e9aste, il cherche \u00e0 associer la peinture \u00e0 l&rsquo;\u00e9criture et \u00e0 la parole.<\/p>\n","protected":false},"author":3,"featured_media":937,"comment_status":"closed","ping_status":"closed","sticky":false,"template":"","format":"standard","meta":{"_acf_changed":false,"footnotes":""},"categories":[65],"tags":[],"class_list":["post-1239","post","type-post","status-publish","format-standard","has-post-thumbnail","hentry","category-affiches-beaujolais-nouveau"],"acf":[],"_links":{"self":[{"href":"https:\/\/www.duboeuf.com\/fr\/wp-json\/wp\/v2\/posts\/1239","targetHints":{"allow":["GET"]}}],"collection":[{"href":"https:\/\/www.duboeuf.com\/fr\/wp-json\/wp\/v2\/posts"}],"about":[{"href":"https:\/\/www.duboeuf.com\/fr\/wp-json\/wp\/v2\/types\/post"}],"author":[{"embeddable":true,"href":"https:\/\/www.duboeuf.com\/fr\/wp-json\/wp\/v2\/users\/3"}],"replies":[{"embeddable":true,"href":"https:\/\/www.duboeuf.com\/fr\/wp-json\/wp\/v2\/comments?post=1239"}],"version-history":[{"count":0,"href":"https:\/\/www.duboeuf.com\/fr\/wp-json\/wp\/v2\/posts\/1239\/revisions"}],"wp:featuredmedia":[{"embeddable":true,"href":"https:\/\/www.duboeuf.com\/fr\/wp-json\/wp\/v2\/media\/937"}],"wp:attachment":[{"href":"https:\/\/www.duboeuf.com\/fr\/wp-json\/wp\/v2\/media?parent=1239"}],"wp:term":[{"taxonomy":"category","embeddable":true,"href":"https:\/\/www.duboeuf.com\/fr\/wp-json\/wp\/v2\/categories?post=1239"},{"taxonomy":"post_tag","embeddable":true,"href":"https:\/\/www.duboeuf.com\/fr\/wp-json\/wp\/v2\/tags?post=1239"}],"curies":[{"name":"wp","href":"https:\/\/api.w.org\/{rel}","templated":true}]}}