{"id":124598,"date":"2025-10-08T11:01:20","date_gmt":"2025-10-08T09:01:20","guid":{"rendered":"https:\/\/www.duboeuf.com\/?p=124598"},"modified":"2025-10-08T11:45:12","modified_gmt":"2025-10-08T09:45:12","slug":"affiche-2025-jean-philippe-delhomme","status":"publish","type":"post","link":"https:\/\/www.duboeuf.com\/fr\/affiche-2025-jean-philippe-delhomme\/","title":{"rendered":"Affiche 2025 : Jean-Philippe DELHOMME"},"content":{"rendered":"\n<p>Jean-Philippe DELHOMME est n\u00e9 en 1959 \u00e0 Nanterre (France). Il vit et travaille aujourd\u2019hui \u00e0 Paris. Dipl\u00f4m\u00e9 en 1985 de l\u2019\u00c9cole nationale sup\u00e9rieure des Arts d\u00e9coratifs de Paris, il se tourne d\u2019abord vers la presse et l\u2019illustration, convaincu de leur pouvoir de toucher un large public.<br>Pendant plus de trente ans, il collabore avec de grands m\u00e9dias internationaux (Vanity Fair, The New Yorker, Vogue, Architectural Digest\u2026), r\u00e9alise des campagnes pour des marques prestigieuses et publie une s\u00e9rie d\u2019ouvrages m\u00ealant dessins et textes (The Cultivated Life, The Unknown Hipster Diaries, Artists\u2019 Instagrams\u2026).<br>Ses oeuvres sont expos\u00e9es au sein de galeries et institutions de renom \u2014 Perrotin (Paris, New York, Tokyo, S\u00e9oul\u2026), Mus\u00e9e D\u2019Orsay, Pacific Design Center \u00e0 Los Angeles.\u00a0<\/p>\n\n\n\n<p>\u00c0 l\u2019occasion du Beaujolais Nouveau 2025, Jean-Philippe Delhomme perp\u00e9tue la grande tradition de la peinture de nature morte. L\u2019artiste signe une composition \u00e0 la fois classique et subtile, \u00e9pur\u00e9e et vibrante.<br>Sur un fond lie-de-vin, il dispose sur une table \u00e0 peine esquiss\u00e9e une bouteille de vin, accompagn\u00e9e d\u2019un verre, d\u2019un vase fleuri et d\u2019un livre. Chaque \u00e9l\u00e9ment, r\u00e9duit \u00e0 une forme simplifi\u00e9e gr\u00e2ce \u00e0 un trait rapide, ressort sur le fond dense par les r\u00e9serves de blanc qui soulignent l\u2019espace de la table et d\u00e9limitent les objets.<br>Dans la partie sup\u00e9rieure, quelques mots griffonn\u00e9s en lettres capitales reprennent le slogan embl\u00e9matique, insufflant \u00e0 cette \u00ab vie silencieuse \u00bb une dimension publicitaire, anim\u00e9e par le bruit du monde. La sc\u00e8ne semble ainsi presque sonore : Dans le brouhaha g\u00e9n\u00e9ral, une voix s\u2019impose et annonce : \u00ab le Beaujolais nouveau Georges Duboeuf est arriv\u00e9 ! \u00bb. La bouteille est d\u00e9bouch\u00e9e, le verre est servi. Tout invite \u00e0 savourer ce nouveau mill\u00e9sime.<\/p>\n\n\n\n<p>.<\/p>\n\n\n\n<p><\/p>\n","protected":false},"excerpt":{"rendered":"<p>Jean-Philippe DELHOMME est n\u00e9 en 1959 \u00e0 Nanterre (France). Il vit et travaille aujourd\u2019hui \u00e0 Paris. Dipl\u00f4m\u00e9 en 1985 de l\u2019\u00c9cole nationale sup\u00e9rieure des Arts d\u00e9coratifs de Paris, il se tourne d\u2019abord vers la presse et l\u2019illustration, convaincu de leur pouvoir de toucher un large public.Pendant plus de trente ans, il collabore avec de grands [&hellip;]<\/p>\n","protected":false},"author":3849,"featured_media":124608,"comment_status":"closed","ping_status":"closed","sticky":false,"template":"","format":"standard","meta":{"_acf_changed":false,"footnotes":""},"categories":[65],"tags":[],"class_list":["post-124598","post","type-post","status-publish","format-standard","has-post-thumbnail","hentry","category-affiches-beaujolais-nouveau"],"acf":[],"_links":{"self":[{"href":"https:\/\/www.duboeuf.com\/fr\/wp-json\/wp\/v2\/posts\/124598","targetHints":{"allow":["GET"]}}],"collection":[{"href":"https:\/\/www.duboeuf.com\/fr\/wp-json\/wp\/v2\/posts"}],"about":[{"href":"https:\/\/www.duboeuf.com\/fr\/wp-json\/wp\/v2\/types\/post"}],"author":[{"embeddable":true,"href":"https:\/\/www.duboeuf.com\/fr\/wp-json\/wp\/v2\/users\/3849"}],"replies":[{"embeddable":true,"href":"https:\/\/www.duboeuf.com\/fr\/wp-json\/wp\/v2\/comments?post=124598"}],"version-history":[{"count":0,"href":"https:\/\/www.duboeuf.com\/fr\/wp-json\/wp\/v2\/posts\/124598\/revisions"}],"wp:featuredmedia":[{"embeddable":true,"href":"https:\/\/www.duboeuf.com\/fr\/wp-json\/wp\/v2\/media\/124608"}],"wp:attachment":[{"href":"https:\/\/www.duboeuf.com\/fr\/wp-json\/wp\/v2\/media?parent=124598"}],"wp:term":[{"taxonomy":"category","embeddable":true,"href":"https:\/\/www.duboeuf.com\/fr\/wp-json\/wp\/v2\/categories?post=124598"},{"taxonomy":"post_tag","embeddable":true,"href":"https:\/\/www.duboeuf.com\/fr\/wp-json\/wp\/v2\/tags?post=124598"}],"curies":[{"name":"wp","href":"https:\/\/api.w.org\/{rel}","templated":true}]}}