{"id":1249,"date":"2022-05-05T15:12:13","date_gmt":"2022-05-05T13:12:13","guid":{"rendered":"https:\/\/www.duboeuf.com\/?p=1249"},"modified":"2022-05-05T15:12:32","modified_gmt":"2022-05-05T13:12:32","slug":"affiche-2001-erik-dietman","status":"publish","type":"post","link":"https:\/\/www.duboeuf.com\/fr\/affiche-2001-erik-dietman\/","title":{"rendered":"Affiche 2001 : Erik DIETMAN"},"content":{"rendered":"\n<p>N\u00e9 \u00e0\u00a0J\u00f6nk\u00f6ping\u00a0(Su\u00e8de) le\u00a011\u00a0septembre\u00a01937\u00a0et mort \u00e0\u00a0Paris\u00a0(France) le\u00a028\u00a0juin\u00a02002, c\u2019\u00e9tait un\u00a0sculpteur,\u00a0peintre\u00a0et\u00a0dessinateur\u00a0su\u00e9dois. Artiste pluridisciplinaire, Erik Dietman s\u2019\u00e9tait volontairement tenu en marge des mouvements artistiques de son \u00e9poque avec lesquels il entretenait toutefois quelques affinit\u00e9s. Libre-penseur, c\u2019\u00e9tait en artiste ind\u00e9pendant qui cr\u00e9ait un corpus d\u2019\u0153uvres personnelles, oscillant entre r\u00e9alit\u00e9 et po\u00e9sie.<\/p>\n","protected":false},"excerpt":{"rendered":"<p>N\u00e9 \u00e0\u00a0J\u00f6nk\u00f6ping\u00a0(Su\u00e8de) le\u00a011\u00a0septembre\u00a01937\u00a0et mort \u00e0\u00a0Paris\u00a0(France) le\u00a028\u00a0juin\u00a02002, c\u2019\u00e9tait un\u00a0sculpteur,\u00a0peintre\u00a0et\u00a0dessinateur\u00a0su\u00e9dois. Artiste pluridisciplinaire, Erik Dietman s\u2019\u00e9tait volontairement tenu en marge des mouvements artistiques de son \u00e9poque avec lesquels il entretenait toutefois quelques affinit\u00e9s. Libre-penseur, c\u2019\u00e9tait en artiste ind\u00e9pendant qui cr\u00e9ait un corpus d\u2019\u0153uvres personnelles, oscillant entre r\u00e9alit\u00e9 et po\u00e9sie.<\/p>\n","protected":false},"author":3,"featured_media":941,"comment_status":"closed","ping_status":"closed","sticky":false,"template":"","format":"standard","meta":{"_acf_changed":false,"footnotes":""},"categories":[65],"tags":[],"class_list":["post-1249","post","type-post","status-publish","format-standard","has-post-thumbnail","hentry","category-affiches-beaujolais-nouveau"],"acf":[],"_links":{"self":[{"href":"https:\/\/www.duboeuf.com\/fr\/wp-json\/wp\/v2\/posts\/1249","targetHints":{"allow":["GET"]}}],"collection":[{"href":"https:\/\/www.duboeuf.com\/fr\/wp-json\/wp\/v2\/posts"}],"about":[{"href":"https:\/\/www.duboeuf.com\/fr\/wp-json\/wp\/v2\/types\/post"}],"author":[{"embeddable":true,"href":"https:\/\/www.duboeuf.com\/fr\/wp-json\/wp\/v2\/users\/3"}],"replies":[{"embeddable":true,"href":"https:\/\/www.duboeuf.com\/fr\/wp-json\/wp\/v2\/comments?post=1249"}],"version-history":[{"count":0,"href":"https:\/\/www.duboeuf.com\/fr\/wp-json\/wp\/v2\/posts\/1249\/revisions"}],"wp:featuredmedia":[{"embeddable":true,"href":"https:\/\/www.duboeuf.com\/fr\/wp-json\/wp\/v2\/media\/941"}],"wp:attachment":[{"href":"https:\/\/www.duboeuf.com\/fr\/wp-json\/wp\/v2\/media?parent=1249"}],"wp:term":[{"taxonomy":"category","embeddable":true,"href":"https:\/\/www.duboeuf.com\/fr\/wp-json\/wp\/v2\/categories?post=1249"},{"taxonomy":"post_tag","embeddable":true,"href":"https:\/\/www.duboeuf.com\/fr\/wp-json\/wp\/v2\/tags?post=1249"}],"curies":[{"name":"wp","href":"https:\/\/api.w.org\/{rel}","templated":true}]}}