{"id":126367,"date":"2026-09-04T07:19:08","date_gmt":"2026-09-04T05:19:08","guid":{"rendered":"https:\/\/www.duboeuf.com\/?p=126367"},"modified":"2026-09-04T07:26:08","modified_gmt":"2026-09-04T05:26:08","slug":"affiche-2026-julien-colombier","status":"publish","type":"post","link":"https:\/\/www.duboeuf.com\/fr\/affiche-2026-julien-colombier\/","title":{"rendered":"Affiche 2026 : Julien COLOMBIER"},"content":{"rendered":"\n<p class=\"wp-block-paragraph\"><strong>Julien Colombier<\/strong> est un artiste contemporain n\u00e9 en 1972 \u00e0 Paris. Il vit et travaille aujourd\u2019hui entre Paris et la Dr\u00f4me. Son univers artistique puise largement dans la nature, les jardins et les paysages imaginaires, qu\u2019il transforme en compositions foisonnantes, luxuriantes et hautes en couleur.<\/p>\n\n\n\n<p class=\"wp-block-paragraph\">Il travaille principalement \u00e0 l\u2019acrylique, au pastel gras et \u00e0 la craie. Ses \u0153uvres invitent le spectateur \u00e0 p\u00e9n\u00e9trer dans des mondes v\u00e9g\u00e9taux imaginaires, o\u00f9 la profusion des formes et des couleurs \u00e9voque une for\u00eat fantastique et en perp\u00e9tuelle expansion.<\/p>\n\n\n\n<p class=\"wp-block-paragraph\">Au fil de sa carri\u00e8re, il a collabor\u00e9 avec de grandes maisons, parmi lesquelles Chanel, Herm\u00e8s, Cartier et Baccarat. \u00c0 la crois\u00e9e de la peinture contemporaine, du street art, du design et de la d\u00e9coration, son \u0153uvre se distingue par la cr\u00e9ation d\u2019un univers visuel singulier, immersif et r\u00e9solument color\u00e9.<\/p>\n\n\n\n<p class=\"wp-block-paragraph\">\u00c0 l\u2019occasion du&nbsp;Beaujolais Nouveau 2026, Julien Colombier perp\u00e9tue cette grande tradition de l\u2019annonce de l\u2019arriv\u00e9e du Beaujolais Nouveau. Dans cette \u0153uvre, le regard est happ\u00e9 par de v\u00e9ritables&nbsp;vo\u00fbtes de feuillages, qui composent un \u00e9crin v\u00e9g\u00e9tal au-dessus des grappes. Entre les rameaux, les rais de soleil traversent la v\u00e9g\u00e9tation et viennent illuminer la sc\u00e8ne. Ils \u00e9voquent ces&nbsp;fl\u00e8ches de lumi\u00e8re qui traversent les vitraux, d\u00e9coupant l\u2019espace de touches lumineuses et presque mystiques. Le raisin, gorg\u00e9 de soleil, appara\u00eet g\u00e9n\u00e9reux, charnu et vibrant. \u00c0 ses c\u00f4t\u00e9s, les v\u00e9g\u00e9taux foisonnants portent les traces d\u2019une ann\u00e9e \u00e9prouvante. La composition devient ainsi le r\u00e9cit d\u2019une ann\u00e9e hors du commun. Les couleurs, la profusion v\u00e9g\u00e9tale, les grappes de raisin et ces rayons de lumi\u00e8re qui percent les feuillages donnent \u00e0 l\u2019ensemble une puissance presque th\u00e9\u00e2trale.&nbsp;Le Beaujolais Nouveau 2026 se r\u00e9v\u00e8le comme la promesse d\u2019un mill\u00e9sime riche, puissant, solaire et voluptueux, o\u00f9 la nature exprime tout \u00e0 la fois son abondance et sa r\u00e9sistance, magnifi\u00e9e par le savoir-faire des vignerons.<\/p>\n\n\n\n<p class=\"wp-block-paragraph\">.<\/p>\n\n\n\n<p class=\"wp-block-paragraph\"><\/p>\n","protected":false},"excerpt":{"rendered":"<p>Julien Colombier est un artiste contemporain n\u00e9 en 1972 \u00e0 Paris. Il vit et travaille aujourd\u2019hui entre Paris et la Dr\u00f4me. Son univers artistique puise largement dans la nature, les jardins et les paysages imaginaires, qu\u2019il transforme en compositions foisonnantes, luxuriantes et hautes en couleur. Il travaille principalement \u00e0 l\u2019acrylique, au pastel gras et \u00e0 [&hellip;]<\/p>\n","protected":false},"author":3849,"featured_media":126375,"comment_status":"closed","ping_status":"closed","sticky":false,"template":"","format":"standard","meta":{"_acf_changed":false,"footnotes":""},"categories":[65],"tags":[],"class_list":["post-126367","post","type-post","status-publish","format-standard","has-post-thumbnail","hentry","category-affiches-beaujolais-nouveau"],"acf":[],"_links":{"self":[{"href":"https:\/\/www.duboeuf.com\/fr\/wp-json\/wp\/v2\/posts\/126367","targetHints":{"allow":["GET"]}}],"collection":[{"href":"https:\/\/www.duboeuf.com\/fr\/wp-json\/wp\/v2\/posts"}],"about":[{"href":"https:\/\/www.duboeuf.com\/fr\/wp-json\/wp\/v2\/types\/post"}],"author":[{"embeddable":true,"href":"https:\/\/www.duboeuf.com\/fr\/wp-json\/wp\/v2\/users\/3849"}],"replies":[{"embeddable":true,"href":"https:\/\/www.duboeuf.com\/fr\/wp-json\/wp\/v2\/comments?post=126367"}],"version-history":[{"count":1,"href":"https:\/\/www.duboeuf.com\/fr\/wp-json\/wp\/v2\/posts\/126367\/revisions"}],"predecessor-version":[{"id":126368,"href":"https:\/\/www.duboeuf.com\/fr\/wp-json\/wp\/v2\/posts\/126367\/revisions\/126368"}],"wp:featuredmedia":[{"embeddable":true,"href":"https:\/\/www.duboeuf.com\/fr\/wp-json\/wp\/v2\/media\/126375"}],"wp:attachment":[{"href":"https:\/\/www.duboeuf.com\/fr\/wp-json\/wp\/v2\/media?parent=126367"}],"wp:term":[{"taxonomy":"category","embeddable":true,"href":"https:\/\/www.duboeuf.com\/fr\/wp-json\/wp\/v2\/categories?post=126367"},{"taxonomy":"post_tag","embeddable":true,"href":"https:\/\/www.duboeuf.com\/fr\/wp-json\/wp\/v2\/tags?post=126367"}],"curies":[{"name":"wp","href":"https:\/\/api.w.org\/{rel}","templated":true}]}}