{"id":1264,"date":"2022-05-05T15:18:06","date_gmt":"2022-05-05T13:18:06","guid":{"rendered":"https:\/\/www.duboeuf.com\/?p=1264"},"modified":"2022-05-05T15:18:08","modified_gmt":"2022-05-05T13:18:08","slug":"affiche-2006-francois-bouillon","status":"publish","type":"post","link":"https:\/\/www.duboeuf.com\/fr\/affiche-2006-francois-bouillon\/","title":{"rendered":"Affiche 2006 : Fran\u00e7ois BOUILLON"},"content":{"rendered":"\n<p>N\u00e9 \u00e0\u00a0Limoges\u00a0en\u00a01944, c\u2019est un\u00a0artiste\u00a0fran\u00e7ais. Il vit et travaille \u00e0\u00a0Bagnolet\u00a0(Seine-Saint-Denis) et \u00e0\u00a0Treignac\u00a0(Corr\u00e8ze). Artiste\u00a0autodidacte, Fran\u00e7ois Bouillon d\u00e9veloppe depuis le d\u00e9but des\u00a0ann\u00e9es 1970, un travail prot\u00e9iforme complexe. S&rsquo;inspirant ou r\u00e9utilisant des objets auxquels il conf\u00e8re une vertu magique, il investit des territoires obscurs, chaque \u0153uvre s&rsquo;ajoutant aux pr\u00e9c\u00e9dentes comme dans un puzzle\u00a0: une narration semble prendre forme, fragile, et souvent pleine d&rsquo;humour.<\/p>\n","protected":false},"excerpt":{"rendered":"<p>N\u00e9 \u00e0\u00a0Limoges\u00a0en\u00a01944, c\u2019est un\u00a0artiste\u00a0fran\u00e7ais. Il vit et travaille \u00e0\u00a0Bagnolet\u00a0(Seine-Saint-Denis) et \u00e0\u00a0Treignac\u00a0(Corr\u00e8ze). Artiste\u00a0autodidacte, Fran\u00e7ois Bouillon d\u00e9veloppe depuis le d\u00e9but des\u00a0ann\u00e9es 1970, un travail prot\u00e9iforme complexe. S&rsquo;inspirant ou r\u00e9utilisant des objets auxquels il conf\u00e8re une vertu magique, il investit des territoires obscurs, chaque \u0153uvre s&rsquo;ajoutant aux pr\u00e9c\u00e9dentes comme dans un puzzle\u00a0: une narration semble prendre forme, fragile, [&hellip;]<\/p>\n","protected":false},"author":3,"featured_media":951,"comment_status":"closed","ping_status":"closed","sticky":false,"template":"","format":"standard","meta":{"_acf_changed":false,"footnotes":""},"categories":[65],"tags":[],"class_list":["post-1264","post","type-post","status-publish","format-standard","has-post-thumbnail","hentry","category-affiches-beaujolais-nouveau"],"acf":[],"_links":{"self":[{"href":"https:\/\/www.duboeuf.com\/fr\/wp-json\/wp\/v2\/posts\/1264","targetHints":{"allow":["GET"]}}],"collection":[{"href":"https:\/\/www.duboeuf.com\/fr\/wp-json\/wp\/v2\/posts"}],"about":[{"href":"https:\/\/www.duboeuf.com\/fr\/wp-json\/wp\/v2\/types\/post"}],"author":[{"embeddable":true,"href":"https:\/\/www.duboeuf.com\/fr\/wp-json\/wp\/v2\/users\/3"}],"replies":[{"embeddable":true,"href":"https:\/\/www.duboeuf.com\/fr\/wp-json\/wp\/v2\/comments?post=1264"}],"version-history":[{"count":0,"href":"https:\/\/www.duboeuf.com\/fr\/wp-json\/wp\/v2\/posts\/1264\/revisions"}],"wp:featuredmedia":[{"embeddable":true,"href":"https:\/\/www.duboeuf.com\/fr\/wp-json\/wp\/v2\/media\/951"}],"wp:attachment":[{"href":"https:\/\/www.duboeuf.com\/fr\/wp-json\/wp\/v2\/media?parent=1264"}],"wp:term":[{"taxonomy":"category","embeddable":true,"href":"https:\/\/www.duboeuf.com\/fr\/wp-json\/wp\/v2\/categories?post=1264"},{"taxonomy":"post_tag","embeddable":true,"href":"https:\/\/www.duboeuf.com\/fr\/wp-json\/wp\/v2\/tags?post=1264"}],"curies":[{"name":"wp","href":"https:\/\/api.w.org\/{rel}","templated":true}]}}