{"id":1274,"date":"2022-05-05T15:23:24","date_gmt":"2022-05-05T13:23:24","guid":{"rendered":"https:\/\/www.duboeuf.com\/?p=1274"},"modified":"2022-05-05T15:23:26","modified_gmt":"2022-05-05T13:23:26","slug":"affiche-2009-stephane-calais","status":"publish","type":"post","link":"https:\/\/www.duboeuf.com\/fr\/affiche-2009-stephane-calais\/","title":{"rendered":"Affiche 2009 : St\u00e9phane CALAIS"},"content":{"rendered":"\n<p>N\u00e9 en 1967 \u00e0 Arras, c\u2019est un artiste, principalement peintre, qui vit et travaille \u00e0 Paris. Il a \u00e9tudi\u00e9 aux Beaux-Arts de N\u00eemes, 1987\/1992 puis \u00e0 l&rsquo;Institut des Hautes \u00c9tudes en Arts Plastiques\u00a01992\/1993, Paris. Nomm\u00e9 en 2007 pour le Prix Fondation entreprise Ricard\u00a0et en 2008 pour le\u00a0Prix Marcel Duchamp, le travail de St\u00e9phane Calais est pr\u00e9sent dans diff\u00e9rentes collections priv\u00e9es en France, \u00c9tats-Unis, Belgique, Japon ainsi que dans diff\u00e9rents mus\u00e9es, dont le\u00a0Centre Pompidou. Il enseigne \u00e0 la Rijksakademie, Amsterdam, depuis 2008 et \u00e0 l\u2019\u00e9cole nationale sup\u00e9rieure des Beaux-arts de Paris\u00a0depuis 2019.<\/p>\n","protected":false},"excerpt":{"rendered":"<p>N\u00e9 en 1967 \u00e0 Arras, c\u2019est un artiste, principalement peintre, qui vit et travaille \u00e0 Paris. Il a \u00e9tudi\u00e9 aux Beaux-Arts de N\u00eemes, 1987\/1992 puis \u00e0 l&rsquo;Institut des Hautes \u00c9tudes en Arts Plastiques\u00a01992\/1993, Paris. Nomm\u00e9 en 2007 pour le Prix Fondation entreprise Ricard\u00a0et en 2008 pour le\u00a0Prix Marcel Duchamp, le travail de St\u00e9phane Calais est [&hellip;]<\/p>\n","protected":false},"author":3,"featured_media":957,"comment_status":"closed","ping_status":"closed","sticky":false,"template":"","format":"standard","meta":{"_acf_changed":false,"footnotes":""},"categories":[65],"tags":[],"class_list":["post-1274","post","type-post","status-publish","format-standard","has-post-thumbnail","hentry","category-affiches-beaujolais-nouveau"],"acf":[],"_links":{"self":[{"href":"https:\/\/www.duboeuf.com\/fr\/wp-json\/wp\/v2\/posts\/1274","targetHints":{"allow":["GET"]}}],"collection":[{"href":"https:\/\/www.duboeuf.com\/fr\/wp-json\/wp\/v2\/posts"}],"about":[{"href":"https:\/\/www.duboeuf.com\/fr\/wp-json\/wp\/v2\/types\/post"}],"author":[{"embeddable":true,"href":"https:\/\/www.duboeuf.com\/fr\/wp-json\/wp\/v2\/users\/3"}],"replies":[{"embeddable":true,"href":"https:\/\/www.duboeuf.com\/fr\/wp-json\/wp\/v2\/comments?post=1274"}],"version-history":[{"count":0,"href":"https:\/\/www.duboeuf.com\/fr\/wp-json\/wp\/v2\/posts\/1274\/revisions"}],"wp:featuredmedia":[{"embeddable":true,"href":"https:\/\/www.duboeuf.com\/fr\/wp-json\/wp\/v2\/media\/957"}],"wp:attachment":[{"href":"https:\/\/www.duboeuf.com\/fr\/wp-json\/wp\/v2\/media?parent=1274"}],"wp:term":[{"taxonomy":"category","embeddable":true,"href":"https:\/\/www.duboeuf.com\/fr\/wp-json\/wp\/v2\/categories?post=1274"},{"taxonomy":"post_tag","embeddable":true,"href":"https:\/\/www.duboeuf.com\/fr\/wp-json\/wp\/v2\/tags?post=1274"}],"curies":[{"name":"wp","href":"https:\/\/api.w.org\/{rel}","templated":true}]}}