{"id":1277,"date":"2022-05-05T15:27:28","date_gmt":"2022-05-05T13:27:28","guid":{"rendered":"https:\/\/www.duboeuf.com\/?p=1277"},"modified":"2022-05-05T15:27:30","modified_gmt":"2022-05-05T13:27:30","slug":"affiche-2012-francoise-petrovitch","status":"publish","type":"post","link":"https:\/\/www.duboeuf.com\/fr\/affiche-2012-francoise-petrovitch\/","title":{"rendered":"Affiche 2012 : Fran\u00e7oise PETROVITCH"},"content":{"rendered":"\n<p>N\u00e9e en 1964 \u00e0\u00a0Chamb\u00e9ryc\u2019est une\u00a0artiste plasticienne\u00a0fran\u00e7aise. Elle travaille le dessin et la peinture, ainsi que la c\u00e9ramique et la vid\u00e9o. Fran\u00e7oise P\u00e9trovitch \u00e9labore un univers de personnages, d\u2019enfants et adolescents, travaill\u00e9s au lavis et \u00e0 la peinture \u00e0 l\u2019huile. Il s\u2019agit pour elle d\u2019\u00e9voquer l\u2019intimit\u00e9, quel que soit le format du dessin ou de la peinture. Certaines peintures sont r\u00e9alis\u00e9es dans un format immersif et nous plongent dans le corps de ces personnages r\u00eav\u00e9s.<\/p>\n","protected":false},"excerpt":{"rendered":"<p>N\u00e9e en 1964 \u00e0\u00a0Chamb\u00e9ryc\u2019est une\u00a0artiste plasticienne\u00a0fran\u00e7aise. Elle travaille le dessin et la peinture, ainsi que la c\u00e9ramique et la vid\u00e9o. Fran\u00e7oise P\u00e9trovitch \u00e9labore un univers de personnages, d\u2019enfants et adolescents, travaill\u00e9s au lavis et \u00e0 la peinture \u00e0 l\u2019huile. Il s\u2019agit pour elle d\u2019\u00e9voquer l\u2019intimit\u00e9, quel que soit le format du dessin ou de la [&hellip;]<\/p>\n","protected":false},"author":3,"featured_media":963,"comment_status":"closed","ping_status":"closed","sticky":false,"template":"","format":"standard","meta":{"_acf_changed":false,"footnotes":""},"categories":[65],"tags":[],"class_list":["post-1277","post","type-post","status-publish","format-standard","has-post-thumbnail","hentry","category-affiches-beaujolais-nouveau"],"acf":[],"_links":{"self":[{"href":"https:\/\/www.duboeuf.com\/fr\/wp-json\/wp\/v2\/posts\/1277","targetHints":{"allow":["GET"]}}],"collection":[{"href":"https:\/\/www.duboeuf.com\/fr\/wp-json\/wp\/v2\/posts"}],"about":[{"href":"https:\/\/www.duboeuf.com\/fr\/wp-json\/wp\/v2\/types\/post"}],"author":[{"embeddable":true,"href":"https:\/\/www.duboeuf.com\/fr\/wp-json\/wp\/v2\/users\/3"}],"replies":[{"embeddable":true,"href":"https:\/\/www.duboeuf.com\/fr\/wp-json\/wp\/v2\/comments?post=1277"}],"version-history":[{"count":0,"href":"https:\/\/www.duboeuf.com\/fr\/wp-json\/wp\/v2\/posts\/1277\/revisions"}],"wp:featuredmedia":[{"embeddable":true,"href":"https:\/\/www.duboeuf.com\/fr\/wp-json\/wp\/v2\/media\/963"}],"wp:attachment":[{"href":"https:\/\/www.duboeuf.com\/fr\/wp-json\/wp\/v2\/media?parent=1277"}],"wp:term":[{"taxonomy":"category","embeddable":true,"href":"https:\/\/www.duboeuf.com\/fr\/wp-json\/wp\/v2\/categories?post=1277"},{"taxonomy":"post_tag","embeddable":true,"href":"https:\/\/www.duboeuf.com\/fr\/wp-json\/wp\/v2\/tags?post=1277"}],"curies":[{"name":"wp","href":"https:\/\/api.w.org\/{rel}","templated":true}]}}