{"id":1290,"date":"2022-05-05T15:30:53","date_gmt":"2022-05-05T13:30:53","guid":{"rendered":"https:\/\/www.duboeuf.com\/?p=1290"},"modified":"2022-05-05T15:30:54","modified_gmt":"2022-05-05T13:30:54","slug":"affiche-2014-jacques-villegle","status":"publish","type":"post","link":"https:\/\/www.duboeuf.com\/fr\/affiche-2014-jacques-villegle\/","title":{"rendered":"Affiche 2014 : Jacques VILLEGLE"},"content":{"rendered":"\n<p>N\u00e9 Jacques Mah\u00e9 de La Villegl\u00e9 le 27 mars 1926 \u00e0 Quimper, c\u2019est plasticien et peintre fran\u00e7ais. Il cr\u00e9e des \u0153uvres \u00e0 partir d&rsquo;affiches lac\u00e9r\u00e9es par des passants anonymes ou ab\u00eem\u00e9es par les conditions climatiques en les d\u00e9collant de leur support dans la rue. Apr\u00e8s avoir fait un choix dans les affiches ramass\u00e9es, il op\u00e8re dans l\u2019affiche, comme un photographe, un cadrage, parfois, mais rarement, il recompose une affiche \u00e0 partir de diff\u00e9rents morceaux d\u2019affiches, puis les maroufle sur toile et les signe lorsqu&rsquo;il les c\u00e8de.<\/p>\n","protected":false},"excerpt":{"rendered":"<p>N\u00e9 Jacques Mah\u00e9 de La Villegl\u00e9 le 27 mars 1926 \u00e0 Quimper, c\u2019est plasticien et peintre fran\u00e7ais. Il cr\u00e9e des \u0153uvres \u00e0 partir d&rsquo;affiches lac\u00e9r\u00e9es par des passants anonymes ou ab\u00eem\u00e9es par les conditions climatiques en les d\u00e9collant de leur support dans la rue. Apr\u00e8s avoir fait un choix dans les affiches ramass\u00e9es, il op\u00e8re [&hellip;]<\/p>\n","protected":false},"author":3,"featured_media":967,"comment_status":"closed","ping_status":"closed","sticky":false,"template":"","format":"standard","meta":{"_acf_changed":false,"footnotes":""},"categories":[65],"tags":[],"class_list":["post-1290","post","type-post","status-publish","format-standard","has-post-thumbnail","hentry","category-affiches-beaujolais-nouveau"],"acf":[],"_links":{"self":[{"href":"https:\/\/www.duboeuf.com\/fr\/wp-json\/wp\/v2\/posts\/1290","targetHints":{"allow":["GET"]}}],"collection":[{"href":"https:\/\/www.duboeuf.com\/fr\/wp-json\/wp\/v2\/posts"}],"about":[{"href":"https:\/\/www.duboeuf.com\/fr\/wp-json\/wp\/v2\/types\/post"}],"author":[{"embeddable":true,"href":"https:\/\/www.duboeuf.com\/fr\/wp-json\/wp\/v2\/users\/3"}],"replies":[{"embeddable":true,"href":"https:\/\/www.duboeuf.com\/fr\/wp-json\/wp\/v2\/comments?post=1290"}],"version-history":[{"count":0,"href":"https:\/\/www.duboeuf.com\/fr\/wp-json\/wp\/v2\/posts\/1290\/revisions"}],"wp:featuredmedia":[{"embeddable":true,"href":"https:\/\/www.duboeuf.com\/fr\/wp-json\/wp\/v2\/media\/967"}],"wp:attachment":[{"href":"https:\/\/www.duboeuf.com\/fr\/wp-json\/wp\/v2\/media?parent=1290"}],"wp:term":[{"taxonomy":"category","embeddable":true,"href":"https:\/\/www.duboeuf.com\/fr\/wp-json\/wp\/v2\/categories?post=1290"},{"taxonomy":"post_tag","embeddable":true,"href":"https:\/\/www.duboeuf.com\/fr\/wp-json\/wp\/v2\/tags?post=1290"}],"curies":[{"name":"wp","href":"https:\/\/api.w.org\/{rel}","templated":true}]}}