{"id":1291,"date":"2022-05-05T15:32:09","date_gmt":"2022-05-05T13:32:09","guid":{"rendered":"https:\/\/www.duboeuf.com\/?p=1291"},"modified":"2022-05-05T15:32:12","modified_gmt":"2022-05-05T13:32:12","slug":"affiche-2015-francois-boisrond","status":"publish","type":"post","link":"https:\/\/www.duboeuf.com\/fr\/affiche-2015-francois-boisrond\/","title":{"rendered":"Affiche 2015 : Fran\u00e7ois BOISROND"},"content":{"rendered":"\n<p>N\u00e9 le\u00a024\u00a0mars\u00a01959\u00a0\u00e0\u00a0Boulogne-Billancourt\u00a0(Hauts-de-Seine) c\u2019est un\u00a0peintre\u00a0fran\u00e7ais. Il fait partie du mouvement fran\u00e7ais de la\u00a0figuration libre. Il vit et travaille \u00e0 Paris. Dans les ann\u00e9es 1980, Fran\u00e7ois Boisrond peint des personnages dans des situations de la vie quotidienne. Ses toiles sont color\u00e9es et vives. Les formes sont simplifi\u00e9es souvent cern\u00e9es de noir. Il s&rsquo;inspire de l&rsquo;art brut. Dans les ann\u00e9es 2000, il transforme son atelier en mus\u00e9e travaillant au milieu des visiteurs.<\/p>\n","protected":false},"excerpt":{"rendered":"<p>N\u00e9 le\u00a024\u00a0mars\u00a01959\u00a0\u00e0\u00a0Boulogne-Billancourt\u00a0(Hauts-de-Seine) c\u2019est un\u00a0peintre\u00a0fran\u00e7ais. Il fait partie du mouvement fran\u00e7ais de la\u00a0figuration libre. Il vit et travaille \u00e0 Paris. Dans les ann\u00e9es 1980, Fran\u00e7ois Boisrond peint des personnages dans des situations de la vie quotidienne. Ses toiles sont color\u00e9es et vives. Les formes sont simplifi\u00e9es souvent cern\u00e9es de noir. Il s&rsquo;inspire de l&rsquo;art brut. Dans [&hellip;]<\/p>\n","protected":false},"author":3,"featured_media":969,"comment_status":"closed","ping_status":"closed","sticky":false,"template":"","format":"standard","meta":{"_acf_changed":false,"footnotes":""},"categories":[65],"tags":[],"class_list":["post-1291","post","type-post","status-publish","format-standard","has-post-thumbnail","hentry","category-affiches-beaujolais-nouveau"],"acf":[],"_links":{"self":[{"href":"https:\/\/www.duboeuf.com\/fr\/wp-json\/wp\/v2\/posts\/1291","targetHints":{"allow":["GET"]}}],"collection":[{"href":"https:\/\/www.duboeuf.com\/fr\/wp-json\/wp\/v2\/posts"}],"about":[{"href":"https:\/\/www.duboeuf.com\/fr\/wp-json\/wp\/v2\/types\/post"}],"author":[{"embeddable":true,"href":"https:\/\/www.duboeuf.com\/fr\/wp-json\/wp\/v2\/users\/3"}],"replies":[{"embeddable":true,"href":"https:\/\/www.duboeuf.com\/fr\/wp-json\/wp\/v2\/comments?post=1291"}],"version-history":[{"count":0,"href":"https:\/\/www.duboeuf.com\/fr\/wp-json\/wp\/v2\/posts\/1291\/revisions"}],"wp:featuredmedia":[{"embeddable":true,"href":"https:\/\/www.duboeuf.com\/fr\/wp-json\/wp\/v2\/media\/969"}],"wp:attachment":[{"href":"https:\/\/www.duboeuf.com\/fr\/wp-json\/wp\/v2\/media?parent=1291"}],"wp:term":[{"taxonomy":"category","embeddable":true,"href":"https:\/\/www.duboeuf.com\/fr\/wp-json\/wp\/v2\/categories?post=1291"},{"taxonomy":"post_tag","embeddable":true,"href":"https:\/\/www.duboeuf.com\/fr\/wp-json\/wp\/v2\/tags?post=1291"}],"curies":[{"name":"wp","href":"https:\/\/api.w.org\/{rel}","templated":true}]}}