{"id":1298,"date":"2022-05-05T15:35:57","date_gmt":"2022-05-05T13:35:57","guid":{"rendered":"https:\/\/www.duboeuf.com\/?p=1298"},"modified":"2022-05-05T15:35:59","modified_gmt":"2022-05-05T13:35:59","slug":"affiche-2018-christelle-tea","status":"publish","type":"post","link":"https:\/\/www.duboeuf.com\/fr\/affiche-2018-christelle-tea\/","title":{"rendered":"Affiche 2018 : Christelle TEA"},"content":{"rendered":"\n<p>N\u00e9e en 1988 \u00e0 Paris, les dessins de Christelle Tea oscillent entre la r\u00e9alit\u00e9 et une invention cr\u00e9atrice qui ne d\u00e9nature jamais le site qu\u2019elle a choisi. Cette jeune artiste poss\u00e8de une ma\u00eetrise absolue du trait juste, expressif et affirme un don certain pour l\u2019art\u00a0: musicienne autant que peintre, elle a h\u00e9sit\u00e9 entre ces deux disciplines et le dessin l\u2019a finalement emport\u00e9.<\/p>\n","protected":false},"excerpt":{"rendered":"<p>N\u00e9e en 1988 \u00e0 Paris, les dessins de Christelle Tea oscillent entre la r\u00e9alit\u00e9 et une invention cr\u00e9atrice qui ne d\u00e9nature jamais le site qu\u2019elle a choisi. Cette jeune artiste poss\u00e8de une ma\u00eetrise absolue du trait juste, expressif et affirme un don certain pour l\u2019art\u00a0: musicienne autant que peintre, elle a h\u00e9sit\u00e9 entre ces deux [&hellip;]<\/p>\n","protected":false},"author":3,"featured_media":975,"comment_status":"closed","ping_status":"closed","sticky":false,"template":"","format":"standard","meta":{"_acf_changed":false,"footnotes":""},"categories":[65],"tags":[],"class_list":["post-1298","post","type-post","status-publish","format-standard","has-post-thumbnail","hentry","category-affiches-beaujolais-nouveau"],"acf":[],"_links":{"self":[{"href":"https:\/\/www.duboeuf.com\/fr\/wp-json\/wp\/v2\/posts\/1298","targetHints":{"allow":["GET"]}}],"collection":[{"href":"https:\/\/www.duboeuf.com\/fr\/wp-json\/wp\/v2\/posts"}],"about":[{"href":"https:\/\/www.duboeuf.com\/fr\/wp-json\/wp\/v2\/types\/post"}],"author":[{"embeddable":true,"href":"https:\/\/www.duboeuf.com\/fr\/wp-json\/wp\/v2\/users\/3"}],"replies":[{"embeddable":true,"href":"https:\/\/www.duboeuf.com\/fr\/wp-json\/wp\/v2\/comments?post=1298"}],"version-history":[{"count":0,"href":"https:\/\/www.duboeuf.com\/fr\/wp-json\/wp\/v2\/posts\/1298\/revisions"}],"wp:featuredmedia":[{"embeddable":true,"href":"https:\/\/www.duboeuf.com\/fr\/wp-json\/wp\/v2\/media\/975"}],"wp:attachment":[{"href":"https:\/\/www.duboeuf.com\/fr\/wp-json\/wp\/v2\/media?parent=1298"}],"wp:term":[{"taxonomy":"category","embeddable":true,"href":"https:\/\/www.duboeuf.com\/fr\/wp-json\/wp\/v2\/categories?post=1298"},{"taxonomy":"post_tag","embeddable":true,"href":"https:\/\/www.duboeuf.com\/fr\/wp-json\/wp\/v2\/tags?post=1298"}],"curies":[{"name":"wp","href":"https:\/\/api.w.org\/{rel}","templated":true}]}}