{"id":1299,"date":"2022-05-05T15:37:16","date_gmt":"2022-05-05T13:37:16","guid":{"rendered":"https:\/\/www.duboeuf.com\/?p=1299"},"modified":"2022-05-05T15:37:21","modified_gmt":"2022-05-05T13:37:21","slug":"affiche-2019-astrid-de-la-forest","status":"publish","type":"post","link":"https:\/\/www.duboeuf.com\/fr\/affiche-2019-astrid-de-la-forest\/","title":{"rendered":"Affiche 2019 : Astrid de La FOREST"},"content":{"rendered":"\n<p>N\u00e9e le\u00a018\u00a0novembre\u00a01962 Astrid de La Forest est une\u00a0graveuse\u00a0et\u00a0peintre\u00a0fran\u00e7aise. L\u2019artiste utilise plusieurs\u00a0techniques de gravure\u00a0:\u00a0eau-forte,\u00a0aquatinte,\u00a0pointe s\u00e8che\u00a0et\u00a0carborundum. Elle imprime dans les ateliers de\u00a0taille-douce\u00a0de\u00a0Lacouri\u00e8re-Fr\u00e9laut,\u00a0Ren\u00e9 Taz\u00e9\u00a0et\u00a0Raymond Meyer\u00a0et les pratique soit seules, soit associ\u00e9es, en \u00e9preuve unique (monotype) ou en tirage limit\u00e9. Ses sujets sont essentiellement pris sur le motif, paysages, montagne et arbres, monde animal.<\/p>\n","protected":false},"excerpt":{"rendered":"<p>N\u00e9e le\u00a018\u00a0novembre\u00a01962 Astrid de La Forest est une\u00a0graveuse\u00a0et\u00a0peintre\u00a0fran\u00e7aise. L\u2019artiste utilise plusieurs\u00a0techniques de gravure\u00a0:\u00a0eau-forte,\u00a0aquatinte,\u00a0pointe s\u00e8che\u00a0et\u00a0carborundum. Elle imprime dans les ateliers de\u00a0taille-douce\u00a0de\u00a0Lacouri\u00e8re-Fr\u00e9laut,\u00a0Ren\u00e9 Taz\u00e9\u00a0et\u00a0Raymond Meyer\u00a0et les pratique soit seules, soit associ\u00e9es, en \u00e9preuve unique (monotype) ou en tirage limit\u00e9. Ses sujets sont essentiellement pris sur le motif, paysages, montagne et arbres, monde animal.<\/p>\n","protected":false},"author":3,"featured_media":977,"comment_status":"closed","ping_status":"closed","sticky":false,"template":"","format":"standard","meta":{"_acf_changed":false,"footnotes":""},"categories":[65],"tags":[],"class_list":["post-1299","post","type-post","status-publish","format-standard","has-post-thumbnail","hentry","category-affiches-beaujolais-nouveau"],"acf":[],"_links":{"self":[{"href":"https:\/\/www.duboeuf.com\/fr\/wp-json\/wp\/v2\/posts\/1299","targetHints":{"allow":["GET"]}}],"collection":[{"href":"https:\/\/www.duboeuf.com\/fr\/wp-json\/wp\/v2\/posts"}],"about":[{"href":"https:\/\/www.duboeuf.com\/fr\/wp-json\/wp\/v2\/types\/post"}],"author":[{"embeddable":true,"href":"https:\/\/www.duboeuf.com\/fr\/wp-json\/wp\/v2\/users\/3"}],"replies":[{"embeddable":true,"href":"https:\/\/www.duboeuf.com\/fr\/wp-json\/wp\/v2\/comments?post=1299"}],"version-history":[{"count":0,"href":"https:\/\/www.duboeuf.com\/fr\/wp-json\/wp\/v2\/posts\/1299\/revisions"}],"wp:featuredmedia":[{"embeddable":true,"href":"https:\/\/www.duboeuf.com\/fr\/wp-json\/wp\/v2\/media\/977"}],"wp:attachment":[{"href":"https:\/\/www.duboeuf.com\/fr\/wp-json\/wp\/v2\/media?parent=1299"}],"wp:term":[{"taxonomy":"category","embeddable":true,"href":"https:\/\/www.duboeuf.com\/fr\/wp-json\/wp\/v2\/categories?post=1299"},{"taxonomy":"post_tag","embeddable":true,"href":"https:\/\/www.duboeuf.com\/fr\/wp-json\/wp\/v2\/tags?post=1299"}],"curies":[{"name":"wp","href":"https:\/\/api.w.org\/{rel}","templated":true}]}}