{"id":1301,"date":"2022-05-05T15:39:53","date_gmt":"2022-05-05T13:39:53","guid":{"rendered":"https:\/\/www.duboeuf.com\/?p=1301"},"modified":"2024-10-21T13:17:33","modified_gmt":"2024-10-21T11:17:33","slug":"affiche-2021-charlotte-le-bon","status":"publish","type":"post","link":"https:\/\/www.duboeuf.com\/fr\/affiche-2021-charlotte-le-bon\/","title":{"rendered":"Affiche 2021 : Charlotte LE BON"},"content":{"rendered":"\n<p>N\u00e9e en 1986 \u00e0 Montr\u00e9al (Qu\u00e9bec), c\u2019est une actrice et r\u00e9alisatrice de films. La jeune femme partage sa vie entre le Canada et la France, o\u00f9 se d\u00e9roule l&rsquo;essentiel de sa carri\u00e8re de mannequin tout d&rsquo;abord, puis d&rsquo;animatrice de t\u00e9l\u00e9vision. Dipl\u00f4m\u00e9e en arts plastiques, Charlotte Le Bon poursuit, parall\u00e8lement \u00e0 sa carri\u00e8re d\u2019actrice, une carri\u00e8re d\u2019illustratrice et de street artist. Plusieurs expositions et collaborations ont contribu\u00e9 \u00e0 la reconnaissance de son talent et l\u2019affirmation de son univers fait d\u2019humour, de m\u00e9lancolie et de po\u00e9sies.<\/p>\n","protected":false},"excerpt":{"rendered":"<p>N\u00e9e en 1986 \u00e0 Montr\u00e9al (Qu\u00e9bec), c\u2019est une actrice et r\u00e9alisatrice de films. La jeune femme partage sa vie entre le Canada et la France, o\u00f9 se d\u00e9roule l&rsquo;essentiel de sa carri\u00e8re de mannequin tout d&rsquo;abord, puis d&rsquo;animatrice de t\u00e9l\u00e9vision. Dipl\u00f4m\u00e9e en arts plastiques, Charlotte Le Bon poursuit, parall\u00e8lement \u00e0 sa carri\u00e8re d\u2019actrice, une carri\u00e8re [&hellip;]<\/p>\n","protected":false},"author":3,"featured_media":981,"comment_status":"closed","ping_status":"closed","sticky":false,"template":"","format":"standard","meta":{"_acf_changed":false,"footnotes":""},"categories":[65],"tags":[],"class_list":["post-1301","post","type-post","status-publish","format-standard","has-post-thumbnail","hentry","category-affiches-beaujolais-nouveau"],"acf":[],"_links":{"self":[{"href":"https:\/\/www.duboeuf.com\/fr\/wp-json\/wp\/v2\/posts\/1301","targetHints":{"allow":["GET"]}}],"collection":[{"href":"https:\/\/www.duboeuf.com\/fr\/wp-json\/wp\/v2\/posts"}],"about":[{"href":"https:\/\/www.duboeuf.com\/fr\/wp-json\/wp\/v2\/types\/post"}],"author":[{"embeddable":true,"href":"https:\/\/www.duboeuf.com\/fr\/wp-json\/wp\/v2\/users\/3"}],"replies":[{"embeddable":true,"href":"https:\/\/www.duboeuf.com\/fr\/wp-json\/wp\/v2\/comments?post=1301"}],"version-history":[{"count":0,"href":"https:\/\/www.duboeuf.com\/fr\/wp-json\/wp\/v2\/posts\/1301\/revisions"}],"wp:featuredmedia":[{"embeddable":true,"href":"https:\/\/www.duboeuf.com\/fr\/wp-json\/wp\/v2\/media\/981"}],"wp:attachment":[{"href":"https:\/\/www.duboeuf.com\/fr\/wp-json\/wp\/v2\/media?parent=1301"}],"wp:term":[{"taxonomy":"category","embeddable":true,"href":"https:\/\/www.duboeuf.com\/fr\/wp-json\/wp\/v2\/categories?post=1301"},{"taxonomy":"post_tag","embeddable":true,"href":"https:\/\/www.duboeuf.com\/fr\/wp-json\/wp\/v2\/tags?post=1301"}],"curies":[{"name":"wp","href":"https:\/\/api.w.org\/{rel}","templated":true}]}}