{"id":56213,"date":"2022-12-07T06:45:21","date_gmt":"2022-12-07T05:45:21","guid":{"rendered":"https:\/\/www.duboeuf.com\/?p=56213"},"modified":"2022-12-16T11:27:23","modified_gmt":"2022-12-16T10:27:23","slug":"merci-paris-match-et-thierry-desseauve","status":"publish","type":"post","link":"https:\/\/www.duboeuf.com\/fr\/merci-paris-match-et-thierry-desseauve\/","title":{"rendered":"Paris Match"},"content":{"rendered":"\n<p><\/p>\n\n\n\n<p>Merci Paris Match, et Thierry Desseauve&nbsp;pour ce tr\u00e8s bel article qui met en avant notre nouveau chai mais \u00e9galement la transition g\u00e9n\u00e9rationnelle qui s\u2019est op\u00e9r\u00e9e au sein de la Maison Georges Duboeuf.<\/p>\n","protected":false},"excerpt":{"rendered":"<p>Merci Paris Match, et Thierry Desseauve&nbsp;pour ce tr\u00e8s bel article qui met en avant notre nouveau chai mais \u00e9galement la transition g\u00e9n\u00e9rationnelle qui s\u2019est op\u00e9r\u00e9e au sein de la Maison Georges Duboeuf.<\/p>\n","protected":false},"author":3849,"featured_media":56217,"comment_status":"closed","ping_status":"closed","sticky":false,"template":"","format":"standard","meta":{"_acf_changed":false,"footnotes":""},"categories":[146,181],"tags":[],"class_list":["post-56213","post","type-post","status-publish","format-standard","has-post-thumbnail","hentry","category-actualite","category-les-vins-georges-duboeuf"],"acf":[],"_links":{"self":[{"href":"https:\/\/www.duboeuf.com\/fr\/wp-json\/wp\/v2\/posts\/56213","targetHints":{"allow":["GET"]}}],"collection":[{"href":"https:\/\/www.duboeuf.com\/fr\/wp-json\/wp\/v2\/posts"}],"about":[{"href":"https:\/\/www.duboeuf.com\/fr\/wp-json\/wp\/v2\/types\/post"}],"author":[{"embeddable":true,"href":"https:\/\/www.duboeuf.com\/fr\/wp-json\/wp\/v2\/users\/3849"}],"replies":[{"embeddable":true,"href":"https:\/\/www.duboeuf.com\/fr\/wp-json\/wp\/v2\/comments?post=56213"}],"version-history":[{"count":0,"href":"https:\/\/www.duboeuf.com\/fr\/wp-json\/wp\/v2\/posts\/56213\/revisions"}],"wp:featuredmedia":[{"embeddable":true,"href":"https:\/\/www.duboeuf.com\/fr\/wp-json\/wp\/v2\/media\/56217"}],"wp:attachment":[{"href":"https:\/\/www.duboeuf.com\/fr\/wp-json\/wp\/v2\/media?parent=56213"}],"wp:term":[{"taxonomy":"category","embeddable":true,"href":"https:\/\/www.duboeuf.com\/fr\/wp-json\/wp\/v2\/categories?post=56213"},{"taxonomy":"post_tag","embeddable":true,"href":"https:\/\/www.duboeuf.com\/fr\/wp-json\/wp\/v2\/tags?post=56213"}],"curies":[{"name":"wp","href":"https:\/\/api.w.org\/{rel}","templated":true}]}}